{"id":277,"date":"2018-05-13T13:03:43","date_gmt":"2018-05-13T13:03:43","guid":{"rendered":"http:\/\/autorin.littleweir.de\/?p=277"},"modified":"2019-10-13T16:49:04","modified_gmt":"2019-10-13T16:49:04","slug":"lesung-aus-am-ende-des-fegefeuer-beim-verlagsfest-am-9-juni-2018-in-tuebungen","status":"publish","type":"post","link":"http:\/\/autorin.littleweir.de\/?p=277","title":{"rendered":"Lesungen"},"content":{"rendered":"<p>Im Moment bin ich wieder in einer Schreibphase und es sind keine Lesungen geplant.<\/p>\n<p>Die letzte Lesung war:<\/p>\n<p><strong>Samstag, den 9. Juni 2018<br \/>\n11:45 Uhr<br \/>\n<\/strong>Lesung aus <strong>&#8222;Am Ende des Fegefeuers&#8220;<\/strong><\/p>\n<p><strong>in der Stadtb\u00fccherei, Nonnengasse 19, 72070 T\u00fcbing<\/strong><\/p>\n<p>im Rahmen des&nbsp; Verlagesfestes&nbsp; zum 40-j\u00e4hrigen Julil\u00e4um des konkurbuch Verlages, das vom 8 bis 10 Juni 2018 in T\u00fcbingen stattfand.<\/p>\n<p>Zu &#8222;Am Ende des Fegefeuers:<br \/>\nDie Fernseh\u00fcbertragung der Olympischen Spiele 1972 in M\u00fcnchen, der Tag vor der Geiselnahme, der Familienvater zerschl\u00e4gt den Fernseher mit einer Bierflasche. Zwei Tage sp\u00e4ter wehen die Fahnen der Olympischen Spiele auf Halbmast und auch die Familie ist nicht mehr die gleiche. Die Geschwister werden auseinandergerissen. Erst Jahrzehnte sp\u00e4ter erfahren sie voneinander. Der j\u00fcngere Bruder Michael macht Nesth\u00e4kchen Lisa ausfindig. Doch was ist mit dem \u00e4ltesten Bruder Matthias? Was geschah vor dem Ungl\u00fcck in dieser Familie? War es wirklich ein Unfall? Gemeinsam machen sich Lisa und Michael auf die Suche, nach Matthias, nach ihrer Vergangenheit. Nach und nach kl\u00e4rt sich das tragische Geheimnis, \u00fcber das niemand sprechen will, auf.<\/p>\n<p>&#8222;Ein Thriller mit perfekter Spannung, wie \u201eThe Sixth Sense\u201c in Buchform. Absolut lesenswert!&#8220; (Sabine Mahler, L-Mag)<\/p>\n<p>&#8222;Das alles ist vielschichtig und literarisch erz\u00e4hlt \u2013 keine atemlose Psychothriller-Spannung, sondern ein Sammlung der leisenT\u00f6ne, der genauen Beobachtung und der sensiblen Schilderung. Da ist keine der fast 500 Seiten langweilig, denn Litt Leweir kann au\u00dferordentlich gut erz\u00e4hlen\u201c, formulierte Reinhard Jahn in einer Besprechung f\u00fcr den WDR.<\/p>\n<p>&#8222;Ein hervorragendes St\u00fcck thematisch neue, aufbrechende Literatur. Kurz: Unbedingt lesen!&#8220; (queer.de)<\/p>\n<p><img decoding=\"async\" loading=\"lazy\" class=\"alignnone size-medium wp-image-101\" src=\"http:\/\/autorin.littleweir.de\/wp-content\/uploads\/2017\/02\/fegefeuer-195x300.jpg\" alt=\"\" width=\"195\" height=\"300\" srcset=\"http:\/\/autorin.littleweir.de\/wp-content\/uploads\/2017\/02\/fegefeuer-195x300.jpg 195w, http:\/\/autorin.littleweir.de\/wp-content\/uploads\/2017\/02\/fegefeuer.jpg 351w\" sizes=\"(max-width: 195px) 100vw, 195px\" \/><\/p>\n","protected":false},"excerpt":{"rendered":"<p>Im Moment bin ich wieder in einer Schreibphase und es sind keine Lesungen geplant. Die letzte Lesung war: Samstag, den 9. Juni 2018 11:45 Uhr Lesung aus &#8222;Am Ende des Fegefeuers&#8220; in der Stadtb\u00fccherei, Nonnengasse 19, 72070 T\u00fcbing im Rahmen des&nbsp; Verlagesfestes&nbsp; zum 40-j\u00e4hrigen Julil\u00e4um des konkurbuch Verlages, das vom &hellip;<\/p>\n","protected":false},"author":1,"featured_media":0,"comment_status":"closed","ping_status":"closed","sticky":false,"template":"","format":"standard","meta":[],"categories":[7],"tags":[],"_links":{"self":[{"href":"http:\/\/autorin.littleweir.de\/index.php?rest_route=\/wp\/v2\/posts\/277"}],"collection":[{"href":"http:\/\/autorin.littleweir.de\/index.php?rest_route=\/wp\/v2\/posts"}],"about":[{"href":"http:\/\/autorin.littleweir.de\/index.php?rest_route=\/wp\/v2\/types\/post"}],"author":[{"embeddable":true,"href":"http:\/\/autorin.littleweir.de\/index.php?rest_route=\/wp\/v2\/users\/1"}],"replies":[{"embeddable":true,"href":"http:\/\/autorin.littleweir.de\/index.php?rest_route=%2Fwp%2Fv2%2Fcomments&post=277"}],"version-history":[{"count":11,"href":"http:\/\/autorin.littleweir.de\/index.php?rest_route=\/wp\/v2\/posts\/277\/revisions"}],"predecessor-version":[{"id":314,"href":"http:\/\/autorin.littleweir.de\/index.php?rest_route=\/wp\/v2\/posts\/277\/revisions\/314"}],"wp:attachment":[{"href":"http:\/\/autorin.littleweir.de\/index.php?rest_route=%2Fwp%2Fv2%2Fmedia&parent=277"}],"wp:term":[{"taxonomy":"category","embeddable":true,"href":"http:\/\/autorin.littleweir.de\/index.php?rest_route=%2Fwp%2Fv2%2Fcategories&post=277"},{"taxonomy":"post_tag","embeddable":true,"href":"http:\/\/autorin.littleweir.de\/index.php?rest_route=%2Fwp%2Fv2%2Ftags&post=277"}],"curies":[{"name":"wp","href":"https:\/\/api.w.org\/{rel}","templated":true}]}}