{"id":336,"date":"2020-11-20T17:40:11","date_gmt":"2020-11-20T17:40:11","guid":{"rendered":"http:\/\/autorin.littleweir.de\/?p=336"},"modified":"2020-11-20T17:40:18","modified_gmt":"2020-11-20T17:40:18","slug":"zwei-texte-im-konkursbuch-tod-erschienen","status":"publish","type":"post","link":"http:\/\/autorin.littleweir.de\/?p=336","title":{"rendered":"Zwei Texte im Konkursbuch Tod erschienen"},"content":{"rendered":"<figure id=\"attachment_338\" aria-describedby=\"caption-attachment-338\" style=\"width: 205px\" class=\"wp-caption aligncenter\"><img decoding=\"async\" loading=\"lazy\" class=\"wp-image-338 size-medium\" src=\"http:\/\/autorin.littleweir.de\/wp-content\/uploads\/2020\/11\/633819618-205x300.jpg\" alt=\"Cover Konkursbuch Tod\" width=\"205\" height=\"300\" srcset=\"http:\/\/autorin.littleweir.de\/wp-content\/uploads\/2020\/11\/633819618-205x300.jpg 205w, http:\/\/autorin.littleweir.de\/wp-content\/uploads\/2020\/11\/633819618.jpg 656w\" sizes=\"(max-width: 205px) 100vw, 205px\" \/><figcaption id=\"caption-attachment-338\" class=\"wp-caption-text\">Cover Konkursbuch 56 Tod<\/figcaption><\/figure>\n<p>Ich freue mich sehr, dass zwei Texte von mir im neuen Konkursbuch Tod enthalten sind, das im August 2020 im Konkursbuch Verlag Claudia Gehrke erschien: &#8222;Wie es sich anf\u00fchlt, noch nicht gestorben zu sein und &#8222;Frost&#8220;<br \/>\nAus der Beschreibung vom Verlag:<br \/>\n&#8222;Ein opulentes Lesebuch mit Essays und Sachtexten, pers\u00f6nlichen Gedanken, Lebensberichten, Erz\u00e4hlungen, Spukgeschichten, Gespr\u00e4chen mit Menschen unterschiedlichen Alters, Gedichten, Bildern und einem Theaterst\u00fcck, das Sie durchs Buch begleitet. F\u00fcr uns ist Tod ein gro\u00dfes Lebensthema.&#8220;<\/p>\n<p>Stimmt!<\/p>\n","protected":false},"excerpt":{"rendered":"<p>Ich freue mich sehr, dass zwei Texte von mir im neuen Konkursbuch Tod enthalten sind, das im August 2020 im Konkursbuch Verlag Claudia Gehrke erschien: &#8222;Wie es sich anf\u00fchlt, noch nicht gestorben zu sein und &#8222;Frost&#8220; Aus der Beschreibung vom Verlag: &#8222;Ein opulentes Lesebuch mit Essays und Sachtexten, pers\u00f6nlichen Gedanken, &hellip;<\/p>\n","protected":false},"author":1,"featured_media":0,"comment_status":"closed","ping_status":"closed","sticky":false,"template":"","format":"standard","meta":[],"categories":[1],"tags":[],"_links":{"self":[{"href":"http:\/\/autorin.littleweir.de\/index.php?rest_route=\/wp\/v2\/posts\/336"}],"collection":[{"href":"http:\/\/autorin.littleweir.de\/index.php?rest_route=\/wp\/v2\/posts"}],"about":[{"href":"http:\/\/autorin.littleweir.de\/index.php?rest_route=\/wp\/v2\/types\/post"}],"author":[{"embeddable":true,"href":"http:\/\/autorin.littleweir.de\/index.php?rest_route=\/wp\/v2\/users\/1"}],"replies":[{"embeddable":true,"href":"http:\/\/autorin.littleweir.de\/index.php?rest_route=%2Fwp%2Fv2%2Fcomments&post=336"}],"version-history":[{"count":4,"href":"http:\/\/autorin.littleweir.de\/index.php?rest_route=\/wp\/v2\/posts\/336\/revisions"}],"predecessor-version":[{"id":341,"href":"http:\/\/autorin.littleweir.de\/index.php?rest_route=\/wp\/v2\/posts\/336\/revisions\/341"}],"wp:attachment":[{"href":"http:\/\/autorin.littleweir.de\/index.php?rest_route=%2Fwp%2Fv2%2Fmedia&parent=336"}],"wp:term":[{"taxonomy":"category","embeddable":true,"href":"http:\/\/autorin.littleweir.de\/index.php?rest_route=%2Fwp%2Fv2%2Fcategories&post=336"},{"taxonomy":"post_tag","embeddable":true,"href":"http:\/\/autorin.littleweir.de\/index.php?rest_route=%2Fwp%2Fv2%2Ftags&post=336"}],"curies":[{"name":"wp","href":"https:\/\/api.w.org\/{rel}","templated":true}]}}