{"id":376,"date":"2023-06-09T12:26:58","date_gmt":"2023-06-09T12:26:58","guid":{"rendered":"http:\/\/autorin.littleweir.de\/?p=376"},"modified":"2024-06-09T12:27:53","modified_gmt":"2024-06-09T12:27:53","slug":"gays-the-word-gewinnt-in-der-kategorie-fantasievoll","status":"publish","type":"post","link":"http:\/\/autorin.littleweir.de\/?p=376","title":{"rendered":"Gay&#8217;s the Word gewinnt in der Kategorie Fantasievoll"},"content":{"rendered":"<p>Eine meiner beiden Geschichten, die f\u00fcr f\u00fcr Wortrandale 2020 nominiert waren, hat einen Preis gewonnen.<\/p>\n<p>Gay&#8217;s the Word in der Kategorie Fantasievoll.<\/p>\n<p>Leider hat die Wortrandale Corona nicht \u00fcberlebt. Die Website mit der sch\u00f6nen Laudatio von Ria Klug ist leider nicht mehr online. Zu einer Ver\u00f6ffentlichung der Anthologie zum Preis wird es wohl nicht mehr kommen.<\/p>\n<p>Trotzdem: Gewonnen ist gewonnen.<\/p>\n<p>&nbsp;<\/p>\n","protected":false},"excerpt":{"rendered":"<p>Eine meiner beiden Geschichten, die f\u00fcr f\u00fcr Wortrandale 2020 nominiert waren, hat einen Preis gewonnen. Gay&#8217;s the Word in der Kategorie Fantasievoll. Leider hat die Wortrandale Corona nicht \u00fcberlebt. Die Website mit der sch\u00f6nen Laudatio von Ria Klug ist leider nicht mehr online. Zu einer Ver\u00f6ffentlichung der Anthologie zum Preis &hellip;<\/p>\n","protected":false},"author":1,"featured_media":378,"comment_status":"closed","ping_status":"closed","sticky":false,"template":"","format":"standard","meta":[],"categories":[10],"tags":[],"_links":{"self":[{"href":"http:\/\/autorin.littleweir.de\/index.php?rest_route=\/wp\/v2\/posts\/376"}],"collection":[{"href":"http:\/\/autorin.littleweir.de\/index.php?rest_route=\/wp\/v2\/posts"}],"about":[{"href":"http:\/\/autorin.littleweir.de\/index.php?rest_route=\/wp\/v2\/types\/post"}],"author":[{"embeddable":true,"href":"http:\/\/autorin.littleweir.de\/index.php?rest_route=\/wp\/v2\/users\/1"}],"replies":[{"embeddable":true,"href":"http:\/\/autorin.littleweir.de\/index.php?rest_route=%2Fwp%2Fv2%2Fcomments&post=376"}],"version-history":[{"count":2,"href":"http:\/\/autorin.littleweir.de\/index.php?rest_route=\/wp\/v2\/posts\/376\/revisions"}],"predecessor-version":[{"id":380,"href":"http:\/\/autorin.littleweir.de\/index.php?rest_route=\/wp\/v2\/posts\/376\/revisions\/380"}],"wp:featuredmedia":[{"embeddable":true,"href":"http:\/\/autorin.littleweir.de\/index.php?rest_route=\/wp\/v2\/media\/378"}],"wp:attachment":[{"href":"http:\/\/autorin.littleweir.de\/index.php?rest_route=%2Fwp%2Fv2%2Fmedia&parent=376"}],"wp:term":[{"taxonomy":"category","embeddable":true,"href":"http:\/\/autorin.littleweir.de\/index.php?rest_route=%2Fwp%2Fv2%2Fcategories&post=376"},{"taxonomy":"post_tag","embeddable":true,"href":"http:\/\/autorin.littleweir.de\/index.php?rest_route=%2Fwp%2Fv2%2Ftags&post=376"}],"curies":[{"name":"wp","href":"https:\/\/api.w.org\/{rel}","templated":true}]}}